{"id":7786,"date":"2023-09-17T17:22:52","date_gmt":"2023-09-17T22:22:52","guid":{"rendered":"https:\/\/www.proamazonia.org\/?p=7786"},"modified":"2023-09-29T14:11:11","modified_gmt":"2023-09-29T19:11:11","slug":"educacion-e-insumos-no-monetarios-para-la-transicion-hacia-sistemas-de-produccion-sostenible","status":"publish","type":"post","link":"https:\/\/www.proamazonia.org\/ppr\/educacion-e-insumos-no-monetarios-para-la-transicion-hacia-sistemas-de-produccion-sostenible\/","title":{"rendered":"Educaci\u00f3n e insumos no monetarios para la Transici\u00f3n hacia Sistemas de Producci\u00f3n Sostenible"},"content":{"rendered":"<p>La Amazon\u00eda es el bosque h\u00famedo m\u00e1s extenso de la tierra, capaz de absorber grandes cantidades de CO2, motivo por el que influye directamente en el balance global del ciclo de carbono. La selva amaz\u00f3nica tambi\u00e9n cumple un importante rol en la producci\u00f3n de agua dulce y la regulaci\u00f3n del clima mundial. Su desaparici\u00f3n amenaza la biodiversidad de los 91 ecosistemas de Ecuador continental<a href=\"#_ftn1\" name=\"_ftnref1\"><sup>[1]<\/sup><\/a>, la supervivencia de flora y fauna de la regi\u00f3n, la vida de las comunidades ind\u00edgenas que habitan ah\u00ed, y adem\u00e1s, tiene consecuencias a nivel mundial.<\/p>\n<p>En 2014 el pa\u00eds registr\u00f3 12.753.387 hect\u00e1reas de bosque nativo, de las cuales el 74% est\u00e1 ubicado en la regi\u00f3n Amaz\u00f3nica. La expansi\u00f3n de la frontera agr\u00edcola en la Amazon\u00eda ecuatoriana est\u00e1 marcada por rubros predominantes, como lo son el caf\u00e9, el cacao, la palma aceitera y la ganader\u00eda. A nivel mundial, el efecto de la agricultura intensiva a la biodiversidad es responsable de, al menos, el 80% de la deforestaci\u00f3n;<a href=\"#_ftn2\" name=\"_ftnref2\"><sup>[2]<\/sup><\/a> a trav\u00e9s de su impacto en el suelo, los bosques y otros usos de la tierra.<\/p>\n<p>Considerando esta situaci\u00f3n y la necesidad de promover un modelo de producci\u00f3n sostenible, libre de deforestaci\u00f3n, en el marco de la implementaci\u00f3n de REDD+ en el Ecuador, se cre\u00f3 PROAmazon\u00eda, un programa del Gobierno Nacional que recibe el apoyo t\u00e9cnico del Programa de Naciones Unidas para el Desarrollo (PNUD), el cual enfoca sus actividades en la Amazon\u00eda ecuatoriana. Una de sus principales l\u00edneas de acci\u00f3n es promover la transici\u00f3n hacia sistemas de producci\u00f3n sostenible, libre de deforestaci\u00f3n, en las cadenas productivas de caf\u00e9, cacao, palma aceitera y ganader\u00eda.<\/p>\n<p>Bajo esta premisa, se fomenta el desarrollo de Escuelas de Campo (ECA) en la regi\u00f3n amaz\u00f3nica ecuatoriana mediante un m\u00e9todo vivencial y participativo. Las ECA proporcionan educaci\u00f3n no formal para agricultores y agricultoras adultas que reconocen pr\u00e1cticas de conservaci\u00f3n ambiental y oportunidades de crecimiento de \u00e1mbito productivo. Para el efecto, un equipo de facilitadores proveen los conocimientos t\u00e9cnicos necesarios y pr\u00e1cticas que posibilitan una mayor productividad, con criterio de sostenibilidad, para los productores.<\/p>\n<p>&nbsp;<\/p>\n<p style=\"text-align: center;\"><img loading=\"lazy\" decoding=\"async\" class=\"alignnone wp-image-7788\" src=\"https:\/\/www.proamazonia.org\/wp-content\/uploads\/2023\/09\/341c3058-4e17-47c4-bef7-bc14530e783e-300x225.jpg\" alt=\"\" width=\"477\" height=\"358\" srcset=\"https:\/\/www.proamazonia.org\/ppr\/wp-content\/uploads\/2023\/09\/341c3058-4e17-47c4-bef7-bc14530e783e-300x225.jpg 300w, https:\/\/www.proamazonia.org\/ppr\/wp-content\/uploads\/2023\/09\/341c3058-4e17-47c4-bef7-bc14530e783e-1024x768.jpg 1024w, https:\/\/www.proamazonia.org\/ppr\/wp-content\/uploads\/2023\/09\/341c3058-4e17-47c4-bef7-bc14530e783e-768x576.jpg 768w, https:\/\/www.proamazonia.org\/ppr\/wp-content\/uploads\/2023\/09\/341c3058-4e17-47c4-bef7-bc14530e783e-400x300.jpg 400w, https:\/\/www.proamazonia.org\/ppr\/wp-content\/uploads\/2023\/09\/341c3058-4e17-47c4-bef7-bc14530e783e-800x600.jpg 800w, https:\/\/www.proamazonia.org\/ppr\/wp-content\/uploads\/2023\/09\/341c3058-4e17-47c4-bef7-bc14530e783e.jpg 1040w\" sizes=\"auto, (max-width: 477px) 100vw, 477px\" \/>. <img loading=\"lazy\" decoding=\"async\" class=\"alignnone wp-image-7790\" src=\"https:\/\/www.proamazonia.org\/wp-content\/uploads\/2023\/09\/62df3690-d5b2-4043-92c9-3ac42fc3e38a-300x225.jpg\" alt=\"\" width=\"473\" height=\"355\" srcset=\"https:\/\/www.proamazonia.org\/ppr\/wp-content\/uploads\/2023\/09\/62df3690-d5b2-4043-92c9-3ac42fc3e38a-300x225.jpg 300w, https:\/\/www.proamazonia.org\/ppr\/wp-content\/uploads\/2023\/09\/62df3690-d5b2-4043-92c9-3ac42fc3e38a-1024x768.jpg 1024w, https:\/\/www.proamazonia.org\/ppr\/wp-content\/uploads\/2023\/09\/62df3690-d5b2-4043-92c9-3ac42fc3e38a-768x576.jpg 768w, https:\/\/www.proamazonia.org\/ppr\/wp-content\/uploads\/2023\/09\/62df3690-d5b2-4043-92c9-3ac42fc3e38a-400x300.jpg 400w, https:\/\/www.proamazonia.org\/ppr\/wp-content\/uploads\/2023\/09\/62df3690-d5b2-4043-92c9-3ac42fc3e38a-800x600.jpg 800w, https:\/\/www.proamazonia.org\/ppr\/wp-content\/uploads\/2023\/09\/62df3690-d5b2-4043-92c9-3ac42fc3e38a.jpg 1152w\" sizes=\"auto, (max-width: 473px) 100vw, 473px\" \/><\/p>\n<h5 style=\"text-align: center;\">\u00a0 \u00a0 \u00a0 \u00a0 \u00a0 \u00a0 \u00a0 \u00a0 \u00a0 \u00a0 \u00a0 \u00a0 \u00a0 \u00a0 \u00a0 Escuelas de Campo en la Amazon\u00eda ecuatoriana<\/h5>\n<h5 style=\"text-align: center;\">Fotograf\u00eda: PROAmazon\u00eda<\/h5>\n<p>Entre marzo del 2021 y diciembre del 2022, PROAmazon\u00eda realiz\u00f3, en colaboraci\u00f3n con el Instituto Interamericano de Cooperaci\u00f3n para la Agricultura (IICA), una inversi\u00f3n de USD 1.605.099,65 d\u00f3lares americanos para la implementaci\u00f3n de Escuelas de Campo especializadas para potenciar el desarrollo sostenible y libre de deforestaci\u00f3n del caf\u00e9 y cacao en las provincias amaz\u00f3nicas. Durante este periodo, en colaboraci\u00f3n con el Centro Agron\u00f3mico Tropical de Investigaci\u00f3n y Ense\u00f1anza (CATIE) tambi\u00e9n se realiz\u00f3 una inversi\u00f3n de USD 2.471.360,2 d\u00f3lares americanos para el desarrollo de Escuelas de Campo especializadas en producci\u00f3n ganadera, que se al\u00ednea con la conservaci\u00f3n de bosques.<\/p>\n<p>Como resultado de esta colaboraci\u00f3n que cont\u00f3 con el apoyo de m\u00e1s de 100 t\u00e9cnicos, se implementaron 403 ECA a favor de la transici\u00f3n a sistemas productivos sostenibles en 83.809 hect\u00e1reas, gracias al trabajo conjunto con 8.282 productores y productoras de la Amazon\u00eda ecuatoriana.<\/p>\n<p><strong>Educaci\u00f3n, compromiso e impacto social<\/strong><\/p>\n<p>Una vez culminado el proceso de capacitaci\u00f3n mediante las ECA, los participantes recibieron, a trav\u00e9s de un evento de graduaci\u00f3n, un reconocimiento que considera su esfuerzo por mejorar sus procesos productivos y su compromiso por la sostenibilidad ambiental. Recibieron adem\u00e1s, herramientas, maquinarias, equipos y otros beneficios no monetarios que ascienden a un total de 6.454 incentivos orientados a facilitar la adopci\u00f3n de las pr\u00e1cticas sostenibles impartidas en las ECA.<\/p>\n<p>A trav\u00e9s de un proceso de monitoreo y seguimiento, basado en una muestra de 238 productores vinculados a las ECA, en promedio, la intervenci\u00f3n ha logrado una adopci\u00f3n tecnol\u00f3gica del 53%, aumentando la productividad en 25% e incrementando los ingresos en 34%. Adem\u00e1s, se evidencia en la actualidad una marcada correlaci\u00f3n directamente proporcional y significativa, entre la implementaci\u00f3n completa de las Escuelas de Campo, y el estado nutricional y fitosanitario adecuado de los cultivos.<\/p>\n<p>Estas cifras apuntan a un claro efecto diferenciador que supone la integraci\u00f3n e implementaci\u00f3n efectiva de las pr\u00e1cticas impartidas en las Escuelas de Campo, que podemos constatar geogr\u00e1ficamente, adem\u00e1s:<\/p>\n<p><img loading=\"lazy\" decoding=\"async\" class=\"alignnone wp-image-7794 aligncenter\" src=\"https:\/\/www.proamazonia.org\/wp-content\/uploads\/2023\/09\/Cuadro_productores-300x83.jpg\" alt=\"\" width=\"943\" height=\"261\" srcset=\"https:\/\/www.proamazonia.org\/ppr\/wp-content\/uploads\/2023\/09\/Cuadro_productores-300x83.jpg 300w, https:\/\/www.proamazonia.org\/ppr\/wp-content\/uploads\/2023\/09\/Cuadro_productores-1024x283.jpg 1024w, https:\/\/www.proamazonia.org\/ppr\/wp-content\/uploads\/2023\/09\/Cuadro_productores-768x212.jpg 768w, https:\/\/www.proamazonia.org\/ppr\/wp-content\/uploads\/2023\/09\/Cuadro_productores.jpg 1500w\" sizes=\"auto, (max-width: 943px) 100vw, 943px\" \/><\/p>\n<p>&nbsp;<\/p>\n<p>PROAmazon\u00eda, como proyecto liderado por el Ministerio del Ambiente, Agua y Transici\u00f3n Ecol\u00f3gica, y el Ministerio de Agricultura y Ganader\u00eda que se implementa a trav\u00e9s del PNUD, seguir\u00e1 canalizando el apoyo y esfuerzo de organizaciones internacionales y pa\u00edses donantes, para que la producci\u00f3n amaz\u00f3nica sostenible contin\u00fae para el cumplimiento de compromisos de sostenibilidad ambiental, determinantes para evitar que se ampl\u00ede la frontera agr\u00edcola y, en su lugar, se propicie la conservaci\u00f3n del bosque, para el beneficio de todas y todos.<\/p>\n<p><a href=\"#_ftnref1\" name=\"_ftn1\"><sup>[1]<\/sup><\/a> Ministerio del Ambiente del Ecuador 2012. 2013. P\u00e1gina 11. Sistema de Clasificaci\u00f3n de los Ecosistemas del Ecuador Continental. Subsecretar\u00eda de Patrimonio Natural. Quito. <a href=\"https:\/\/app.sni.gob.ec\/sni-link\/sni\/PDOT\/NIVEL%20NACIONAL\/MAE\/ECOSISTEMAS\/DOCUMENTOS\/Sistema.pdf\">https:\/\/app.sni.gob.ec\/sni-link\/sni\/PDOT\/NIVEL%20NACIONAL\/MAE\/ECOSISTEMAS\/DOCUMENTOS\/Sistema.pdf<\/a><\/p>\n<p><a href=\"#_ftnref2\" name=\"_ftn2\"><sup>[2]<\/sup><\/a> Revista de Investigaciones Altoandinas. 2022. Efectos de la agricultura intensiva y el cambio clim\u00e1tico sobre la biodiversidad. <em>Versi\u00f3n On-line ISSN 2313-2957<\/em>. Per\u00fa. <a href=\"http:\/\/dx.doi.org\/10.18271\/ria.2022.328\">http:\/\/dx.doi.org\/10.18271\/ria.2022.328<\/a><\/p>","protected":false},"excerpt":{"rendered":"<p>La Amazon\u00eda es el bosque h\u00famedo m\u00e1s extenso de la tierra, capaz de absorber grandes cantidades de CO2, motivo por el que influye directamente en el balance global del ciclo de carbono. La selva amaz\u00f3nica tambi\u00e9n cumple un importante rol en la producci\u00f3n de agua dulce y la regulaci\u00f3n del clima mundial. Su desaparici\u00f3n amenaza la biodiversidad de los 91 ecosistemas de Ecuador continental[1], la supervivencia de flora y fauna de la regi\u00f3n, la vida de las comunidades ind\u00edgenas que habitan ah\u00ed, y adem\u00e1s, tiene consecuencias a nivel mundial. En 2014 el pa\u00eds registr\u00f3 12.753.387 hect\u00e1reas de bosque nativo, de las cuales el 74% est\u00e1 ubicado en la regi\u00f3n Amaz\u00f3nica. La expansi\u00f3n de la frontera agr\u00edcola en la Amazon\u00eda ecuatoriana est\u00e1 marcada por rubros predominantes, como lo son el caf\u00e9, el cacao, la palma aceitera y la ganader\u00eda. A nivel mundial, el efecto de la agricultura intensiva a la biodiversidad es responsable de, al menos, el 80% de la deforestaci\u00f3n;[2] a trav\u00e9s de su impacto en el suelo, los bosques y otros usos de la tierra. Considerando esta situaci\u00f3n y la necesidad de promover un modelo de producci\u00f3n sostenible, libre de deforestaci\u00f3n, en el marco de la implementaci\u00f3n de REDD+ [&hellip;]<\/p>\n","protected":false},"author":2,"featured_media":7791,"comment_status":"closed","ping_status":"closed","sticky":false,"template":"","format":"standard","meta":{"_uf_show_specific_survey":0,"_uf_disable_surveys":false,"footnotes":""},"categories":[3,23,25,1],"tags":[],"class_list":["post-7786","post","type-post","status-publish","format-standard","has-post-thumbnail","hentry","category-noticias","category-noticias-home","category-produccion-sostenible","category-sin-categoria"],"aioseo_notices":[],"_links":{"self":[{"href":"https:\/\/www.proamazonia.org\/ppr\/wp-json\/wp\/v2\/posts\/7786","targetHints":{"allow":["GET"]}}],"collection":[{"href":"https:\/\/www.proamazonia.org\/ppr\/wp-json\/wp\/v2\/posts"}],"about":[{"href":"https:\/\/www.proamazonia.org\/ppr\/wp-json\/wp\/v2\/types\/post"}],"author":[{"embeddable":true,"href":"https:\/\/www.proamazonia.org\/ppr\/wp-json\/wp\/v2\/users\/2"}],"replies":[{"embeddable":true,"href":"https:\/\/www.proamazonia.org\/ppr\/wp-json\/wp\/v2\/comments?post=7786"}],"version-history":[{"count":9,"href":"https:\/\/www.proamazonia.org\/ppr\/wp-json\/wp\/v2\/posts\/7786\/revisions"}],"predecessor-version":[{"id":7800,"href":"https:\/\/www.proamazonia.org\/ppr\/wp-json\/wp\/v2\/posts\/7786\/revisions\/7800"}],"wp:featuredmedia":[{"embeddable":true,"href":"https:\/\/www.proamazonia.org\/ppr\/wp-json\/wp\/v2\/media\/7791"}],"wp:attachment":[{"href":"https:\/\/www.proamazonia.org\/ppr\/wp-json\/wp\/v2\/media?parent=7786"}],"wp:term":[{"taxonomy":"category","embeddable":true,"href":"https:\/\/www.proamazonia.org\/ppr\/wp-json\/wp\/v2\/categories?post=7786"},{"taxonomy":"post_tag","embeddable":true,"href":"https:\/\/www.proamazonia.org\/ppr\/wp-json\/wp\/v2\/tags?post=7786"}],"curies":[{"name":"wp","href":"https:\/\/api.w.org\/{rel}","templated":true}]}}