{"id":7806,"date":"2023-09-19T08:59:09","date_gmt":"2023-09-19T13:59:09","guid":{"rendered":"https:\/\/www.proamazonia.org\/?p=7806"},"modified":"2023-09-19T08:59:09","modified_gmt":"2023-09-19T13:59:09","slug":"curso-de-manejo-forestal-sostenible-refuerza-competencias-para-el-aprovechamiento-responsable-de-los-bosques-naturales-en-ecuador","status":"publish","type":"post","link":"https:\/\/www.proamazonia.org\/ppr\/curso-de-manejo-forestal-sostenible-refuerza-competencias-para-el-aprovechamiento-responsable-de-los-bosques-naturales-en-ecuador\/","title":{"rendered":"Curso de Manejo Forestal Sostenible refuerza competencias para el aprovechamiento responsable de los bosques naturales en Ecuador."},"content":{"rendered":"<p>En Quinind\u00e9, provincia de Esmeraldas, del 12 al 15 de septiembre de 2023, se llev\u00f3 a cabo con \u00e9xito el cuarto m\u00f3dulo del curso pr\u00e1ctico de Manejo Forestal Sostenible, con el nombre: \u00abAprovechamiento forestal de bajo impacto\u00bb. Esta capacitaci\u00f3n tuvo lugar en las instalaciones de la empresa Verdecanand\u00e9 S.A., ubicada en el recinto Crist\u00f3bal Col\u00f3n.<\/p>\n<p><img loading=\"lazy\" decoding=\"async\" class=\"wp-image-7807 aligncenter\" src=\"https:\/\/www.proamazonia.org\/wp-content\/uploads\/2023\/09\/1.MANEJO.FORESTAL.SOSTENIBLE.AMBIENTE.BOSQUES.AMAZONIA.ESMERALDAS.QUININDE.CAPACITACION-300x225.jpeg\" alt=\"\" width=\"483\" height=\"362\" srcset=\"https:\/\/www.proamazonia.org\/ppr\/wp-content\/uploads\/2023\/09\/1.MANEJO.FORESTAL.SOSTENIBLE.AMBIENTE.BOSQUES.AMAZONIA.ESMERALDAS.QUININDE.CAPACITACION-300x225.jpeg 300w, https:\/\/www.proamazonia.org\/ppr\/wp-content\/uploads\/2023\/09\/1.MANEJO.FORESTAL.SOSTENIBLE.AMBIENTE.BOSQUES.AMAZONIA.ESMERALDAS.QUININDE.CAPACITACION-1024x768.jpeg 1024w, https:\/\/www.proamazonia.org\/ppr\/wp-content\/uploads\/2023\/09\/1.MANEJO.FORESTAL.SOSTENIBLE.AMBIENTE.BOSQUES.AMAZONIA.ESMERALDAS.QUININDE.CAPACITACION-768x576.jpeg 768w, https:\/\/www.proamazonia.org\/ppr\/wp-content\/uploads\/2023\/09\/1.MANEJO.FORESTAL.SOSTENIBLE.AMBIENTE.BOSQUES.AMAZONIA.ESMERALDAS.QUININDE.CAPACITACION-1536x1152.jpeg 1536w, https:\/\/www.proamazonia.org\/ppr\/wp-content\/uploads\/2023\/09\/1.MANEJO.FORESTAL.SOSTENIBLE.AMBIENTE.BOSQUES.AMAZONIA.ESMERALDAS.QUININDE.CAPACITACION-400x300.jpeg 400w, https:\/\/www.proamazonia.org\/ppr\/wp-content\/uploads\/2023\/09\/1.MANEJO.FORESTAL.SOSTENIBLE.AMBIENTE.BOSQUES.AMAZONIA.ESMERALDAS.QUININDE.CAPACITACION-800x600.jpeg 800w, https:\/\/www.proamazonia.org\/ppr\/wp-content\/uploads\/2023\/09\/1.MANEJO.FORESTAL.SOSTENIBLE.AMBIENTE.BOSQUES.AMAZONIA.ESMERALDAS.QUININDE.CAPACITACION-1200x900.jpeg 1200w, https:\/\/www.proamazonia.org\/ppr\/wp-content\/uploads\/2023\/09\/1.MANEJO.FORESTAL.SOSTENIBLE.AMBIENTE.BOSQUES.AMAZONIA.ESMERALDAS.QUININDE.CAPACITACION.jpeg 1600w\" sizes=\"auto, (max-width: 483px) 100vw, 483px\" \/><\/p>\n<p style=\"text-align: center;\"><strong>Foto:\u00a0<\/strong>PROAmazon\u00eda<\/p>\n<p>El m\u00f3dulo de cuatro d\u00edas estuvo dirigido a 16 funcionarios de la Direcci\u00f3n de Bosques del Ministerio del Ambiente, Agua y Transici\u00f3n Ecol\u00f3gica (MAATE), donde se abarc\u00f3 una amplia variedad de temas esenciales para el manejo sostenible de los bosques naturales. Entre los aspectos destacados tratados durante el curso se encuentran:<\/p>\n<ul>\n<li>Elaboraci\u00f3n del programa de aprovechamiento.<\/li>\n<li>Definici\u00f3n de especies y vol\u00famenes a aprovechar.<\/li>\n<li>Mapeo de los \u00e1rboles a aprovechar.<\/li>\n<li>Planificaci\u00f3n y trazado del sistema(s) de extracci\u00f3n forestal.<\/li>\n<li>Ubicaci\u00f3n de zonas de protecci\u00f3n permanente.<\/li>\n<li>Tala dirigida para causar el menor da\u00f1o a la vegetaci\u00f3n del entorno.<\/li>\n<li>Determinaci\u00f3n de la direcci\u00f3n de ca\u00edda (limpieza del \u00e1rbol, eliminaci\u00f3n de ra\u00edces tablares).<\/li>\n<li>Proceso de tumba (bisagra, corte de ca\u00edda, desrame, troceo).<\/li>\n<\/ul>\n<p><img loading=\"lazy\" decoding=\"async\" class=\"alignnone  wp-image-7808 aligncenter\" src=\"https:\/\/www.proamazonia.org\/wp-content\/uploads\/2023\/09\/2.MANEJO.FORESTAL.SOSTENIBLE.AMBIENTE.BOSQUES.AMAZONIA.ESMERALDAS.QUININDE.CAPACITACION-300x225.jpeg\" alt=\"\" width=\"377\" height=\"283\" srcset=\"https:\/\/www.proamazonia.org\/ppr\/wp-content\/uploads\/2023\/09\/2.MANEJO.FORESTAL.SOSTENIBLE.AMBIENTE.BOSQUES.AMAZONIA.ESMERALDAS.QUININDE.CAPACITACION-300x225.jpeg 300w, https:\/\/www.proamazonia.org\/ppr\/wp-content\/uploads\/2023\/09\/2.MANEJO.FORESTAL.SOSTENIBLE.AMBIENTE.BOSQUES.AMAZONIA.ESMERALDAS.QUININDE.CAPACITACION-1024x768.jpeg 1024w, https:\/\/www.proamazonia.org\/ppr\/wp-content\/uploads\/2023\/09\/2.MANEJO.FORESTAL.SOSTENIBLE.AMBIENTE.BOSQUES.AMAZONIA.ESMERALDAS.QUININDE.CAPACITACION-768x576.jpeg 768w, https:\/\/www.proamazonia.org\/ppr\/wp-content\/uploads\/2023\/09\/2.MANEJO.FORESTAL.SOSTENIBLE.AMBIENTE.BOSQUES.AMAZONIA.ESMERALDAS.QUININDE.CAPACITACION-1536x1152.jpeg 1536w, https:\/\/www.proamazonia.org\/ppr\/wp-content\/uploads\/2023\/09\/2.MANEJO.FORESTAL.SOSTENIBLE.AMBIENTE.BOSQUES.AMAZONIA.ESMERALDAS.QUININDE.CAPACITACION-400x300.jpeg 400w, https:\/\/www.proamazonia.org\/ppr\/wp-content\/uploads\/2023\/09\/2.MANEJO.FORESTAL.SOSTENIBLE.AMBIENTE.BOSQUES.AMAZONIA.ESMERALDAS.QUININDE.CAPACITACION-800x600.jpeg 800w, https:\/\/www.proamazonia.org\/ppr\/wp-content\/uploads\/2023\/09\/2.MANEJO.FORESTAL.SOSTENIBLE.AMBIENTE.BOSQUES.AMAZONIA.ESMERALDAS.QUININDE.CAPACITACION-1200x900.jpeg 1200w, https:\/\/www.proamazonia.org\/ppr\/wp-content\/uploads\/2023\/09\/2.MANEJO.FORESTAL.SOSTENIBLE.AMBIENTE.BOSQUES.AMAZONIA.ESMERALDAS.QUININDE.CAPACITACION.jpeg 1600w\" sizes=\"auto, (max-width: 377px) 100vw, 377px\" \/><\/p>\n<p style=\"text-align: center;\"><strong>Foto:\u00a0<\/strong>PROAmazon\u00eda<\/p>\n<p>El objetivo fundamental de este m\u00f3dulo de aprendizaje es fortalecer las capacidades t\u00e9cnicas de los ingenieros forestales que desempe\u00f1an funciones en las oficinas t\u00e9cnicas cantonales del Ministerio, en las regiones Costa y Amazon\u00eda. Se espera que los conocimientos adquiridos durante el curso les permitan liderar la implementaci\u00f3n del manejo forestal sostenible en los bosques naturales, en l\u00ednea con los objetivos estrat\u00e9gicos del MAATE, la estrategia REDD+ y los Objetivos de Desarrollo Sostenible.<\/p>\n<p>Es relevante destacar la colaboraci\u00f3n p\u00fablico-privada entre el Ministerio del Ambiente, Agua y Transici\u00f3n Ecol\u00f3gica y la empresa Verdecanand\u00e9 S.A., materializada a trav\u00e9s de la firma de un convenio espec\u00edfico para trabajar en conjunto con la Autoridad Ambiental en aplicaci\u00f3n de medidas y acciones para reducir la deforestaci\u00f3n y el fortalecimiento de su personal t\u00e9cnico. Este acuerdo subraya el compromiso conjunto de ambas entidades en la conservaci\u00f3n y el uso responsable de los bosques naturales.<\/p>\n<p>Asimismo, el curso de Manejo Forestal sostenible, liderado por el MAATE, en colaboraci\u00f3n con el Ministerio de Agricultura y Ganader\u00eda (MAG), con apoyo del PNUD y PROAmazon\u00eda, a\u00fana los esfuerzos de articulaci\u00f3n interinstitucional para la promoci\u00f3n de pr\u00e1cticas sostenibles.<\/p>\n<p>&nbsp;<\/p>\n<p>&nbsp;<\/p>","protected":false},"excerpt":{"rendered":"<p>En Quinind\u00e9, provincia de Esmeraldas, del 12 al 15 de septiembre de 2023, se llev\u00f3 a cabo con \u00e9xito el cuarto m\u00f3dulo del curso pr\u00e1ctico de Manejo Forestal Sostenible, con el nombre: \u00abAprovechamiento forestal de bajo impacto\u00bb. Esta capacitaci\u00f3n tuvo lugar en las instalaciones de la empresa Verdecanand\u00e9 S.A., ubicada en el recinto Crist\u00f3bal Col\u00f3n. Foto:\u00a0PROAmazon\u00eda El m\u00f3dulo de cuatro d\u00edas estuvo dirigido a 16 funcionarios de la Direcci\u00f3n de Bosques del Ministerio del Ambiente, Agua y Transici\u00f3n Ecol\u00f3gica (MAATE), donde se abarc\u00f3 una amplia variedad de temas esenciales para el manejo sostenible de los bosques naturales. Entre los aspectos destacados tratados durante el curso se encuentran: Elaboraci\u00f3n del programa de aprovechamiento. Definici\u00f3n de especies y vol\u00famenes a aprovechar. Mapeo de los \u00e1rboles a aprovechar. Planificaci\u00f3n y trazado del sistema(s) de extracci\u00f3n forestal. Ubicaci\u00f3n de zonas de protecci\u00f3n permanente. Tala dirigida para causar el menor da\u00f1o a la vegetaci\u00f3n del entorno. Determinaci\u00f3n de la direcci\u00f3n de ca\u00edda (limpieza del \u00e1rbol, eliminaci\u00f3n de ra\u00edces tablares). Proceso de tumba (bisagra, corte de ca\u00edda, desrame, troceo). Foto:\u00a0PROAmazon\u00eda El objetivo fundamental de este m\u00f3dulo de aprendizaje es fortalecer las capacidades t\u00e9cnicas de los ingenieros forestales que desempe\u00f1an funciones en las oficinas t\u00e9cnicas cantonales del [&hellip;]<\/p>\n","protected":false},"author":2,"featured_media":7807,"comment_status":"open","ping_status":"open","sticky":false,"template":"","format":"standard","meta":{"_uf_show_specific_survey":0,"_uf_disable_surveys":false,"footnotes":""},"categories":[26,29,3,23],"tags":[],"class_list":["post-7806","post","type-post","status-publish","format-standard","has-post-thumbnail","hentry","category-conservacion-de-bosques","category-manejo-forestal-sostenible","category-noticias","category-noticias-home"],"aioseo_notices":[],"_links":{"self":[{"href":"https:\/\/www.proamazonia.org\/ppr\/wp-json\/wp\/v2\/posts\/7806","targetHints":{"allow":["GET"]}}],"collection":[{"href":"https:\/\/www.proamazonia.org\/ppr\/wp-json\/wp\/v2\/posts"}],"about":[{"href":"https:\/\/www.proamazonia.org\/ppr\/wp-json\/wp\/v2\/types\/post"}],"author":[{"embeddable":true,"href":"https:\/\/www.proamazonia.org\/ppr\/wp-json\/wp\/v2\/users\/2"}],"replies":[{"embeddable":true,"href":"https:\/\/www.proamazonia.org\/ppr\/wp-json\/wp\/v2\/comments?post=7806"}],"version-history":[{"count":1,"href":"https:\/\/www.proamazonia.org\/ppr\/wp-json\/wp\/v2\/posts\/7806\/revisions"}],"predecessor-version":[{"id":7809,"href":"https:\/\/www.proamazonia.org\/ppr\/wp-json\/wp\/v2\/posts\/7806\/revisions\/7809"}],"wp:featuredmedia":[{"embeddable":true,"href":"https:\/\/www.proamazonia.org\/ppr\/wp-json\/wp\/v2\/media\/7807"}],"wp:attachment":[{"href":"https:\/\/www.proamazonia.org\/ppr\/wp-json\/wp\/v2\/media?parent=7806"}],"wp:term":[{"taxonomy":"category","embeddable":true,"href":"https:\/\/www.proamazonia.org\/ppr\/wp-json\/wp\/v2\/categories?post=7806"},{"taxonomy":"post_tag","embeddable":true,"href":"https:\/\/www.proamazonia.org\/ppr\/wp-json\/wp\/v2\/tags?post=7806"}],"curies":[{"name":"wp","href":"https:\/\/api.w.org\/{rel}","templated":true}]}}