{"id":7833,"date":"2023-09-29T10:32:59","date_gmt":"2023-09-29T15:32:59","guid":{"rendered":"https:\/\/www.proamazonia.org\/?p=7833"},"modified":"2023-09-30T12:13:23","modified_gmt":"2023-09-30T17:13:23","slug":"restauracion-forestal-en-cascales-un-esfuerzo-conjunto-por-un-ecosistema-sostenible","status":"publish","type":"post","link":"https:\/\/www.proamazonia.org\/ppr\/restauracion-forestal-en-cascales-un-esfuerzo-conjunto-por-un-ecosistema-sostenible\/","title":{"rendered":"Restauraci\u00f3n Forestal en Cascales: Un esfuerzo conjunto por un ecosistema sostenible"},"content":{"rendered":"<p>La restauraci\u00f3n forestal es un conjunto de actividades orientadas a la recuperaci\u00f3n y restablecimiento de las condiciones naturales de un ecosistema y el mantenimiento de sus servicios ambientales, que son los beneficios que da el bosque, como: agua, alimentos y materias primas. En este contexto, el Ministerio del Ambiente, Agua y Transici\u00f3n Ecol\u00f3gica, a trav\u00e9s del Proyecto Nacional de Restauraci\u00f3n del Paisaje y de PROAmazon\u00eda, con el apoyo del Programa de las Naciones Unidas para el Desarrollo, han impulsado el fortalecimiento de capacidades t\u00e9cnicas y comunitarias para la implementaci\u00f3n de proyectos de restauraci\u00f3n forestal.<\/p>\n<p><img loading=\"lazy\" decoding=\"async\" class=\"wp-image-7834 aligncenter\" src=\"https:\/\/www.proamazonia.org\/wp-content\/uploads\/2023\/09\/CASCALES.RESTAURACION.FORESTAL.AMBIENTE.ARBOLES.BOSQUE.REFORESTACION-300x169.jpg\" alt=\"\" width=\"498\" height=\"281\" srcset=\"https:\/\/www.proamazonia.org\/ppr\/wp-content\/uploads\/2023\/09\/CASCALES.RESTAURACION.FORESTAL.AMBIENTE.ARBOLES.BOSQUE.REFORESTACION-300x169.jpg 300w, https:\/\/www.proamazonia.org\/ppr\/wp-content\/uploads\/2023\/09\/CASCALES.RESTAURACION.FORESTAL.AMBIENTE.ARBOLES.BOSQUE.REFORESTACION-1024x576.jpg 1024w, https:\/\/www.proamazonia.org\/ppr\/wp-content\/uploads\/2023\/09\/CASCALES.RESTAURACION.FORESTAL.AMBIENTE.ARBOLES.BOSQUE.REFORESTACION-768x432.jpg 768w, https:\/\/www.proamazonia.org\/ppr\/wp-content\/uploads\/2023\/09\/CASCALES.RESTAURACION.FORESTAL.AMBIENTE.ARBOLES.BOSQUE.REFORESTACION-1536x864.jpg 1536w, https:\/\/www.proamazonia.org\/ppr\/wp-content\/uploads\/2023\/09\/CASCALES.RESTAURACION.FORESTAL.AMBIENTE.ARBOLES.BOSQUE.REFORESTACION-2048x1151.jpg 2048w, https:\/\/www.proamazonia.org\/ppr\/wp-content\/uploads\/2023\/09\/CASCALES.RESTAURACION.FORESTAL.AMBIENTE.ARBOLES.BOSQUE.REFORESTACION-1000x563.jpg 1000w\" sizes=\"auto, (max-width: 498px) 100vw, 498px\" \/><\/p>\n<p style=\"text-align: center;\"><strong>FOTO: <\/strong>PROAmazon\u00eda<\/p>\n<p>Un hito significativo en este camino se alcanz\u00f3 en octubre de 2020, cuando se firm\u00f3 el Convenio de Cooperaci\u00f3n Interinstitucional entre la Autoridad Ambiental y el Gobierno Aut\u00f3nomo Descentralizado Municipal de Cascales. Este acuerdo marc\u00f3 el inicio de un proyecto de restauraci\u00f3n forestal en 1000 hect\u00e1reas en la parroquia rural La Nueva Troncal, cant\u00f3n Cascales. El proyecto involucr\u00f3 a cinco comunidades: San Jos\u00e9 de Aguarico, Jes\u00fas del Gran Poder, Wamak Urku, Pastaza y San Francisco (Shyris).<\/p>\n<p>La participaci\u00f3n de las comunidades fue esencial para llevar a cabo este proyecto. El Gobierno Aut\u00f3nomo Descentralizado Municipal de Cascales realiz\u00f3 un proceso de consulta, donde se desarrollaron reuniones y asambleas para socializar los beneficios, responsabilidades y actividades del proyecto. Gracias a este enfoque participativo, las comunidades decidieron sumarse a la iniciativa.<\/p>\n<p><img loading=\"lazy\" decoding=\"async\" class=\"wp-image-7836 aligncenter\" src=\"https:\/\/www.proamazonia.org\/wp-content\/uploads\/2023\/09\/BOSQUE.VIVEROS.AMBIENTE.RESTAURACION.BOSQUE.FORESTAL-300x200.jpg\" alt=\"\" width=\"467\" height=\"311\" srcset=\"https:\/\/www.proamazonia.org\/ppr\/wp-content\/uploads\/2023\/09\/BOSQUE.VIVEROS.AMBIENTE.RESTAURACION.BOSQUE.FORESTAL-300x200.jpg 300w, https:\/\/www.proamazonia.org\/ppr\/wp-content\/uploads\/2023\/09\/BOSQUE.VIVEROS.AMBIENTE.RESTAURACION.BOSQUE.FORESTAL-1024x683.jpg 1024w, https:\/\/www.proamazonia.org\/ppr\/wp-content\/uploads\/2023\/09\/BOSQUE.VIVEROS.AMBIENTE.RESTAURACION.BOSQUE.FORESTAL-768x512.jpg 768w, https:\/\/www.proamazonia.org\/ppr\/wp-content\/uploads\/2023\/09\/BOSQUE.VIVEROS.AMBIENTE.RESTAURACION.BOSQUE.FORESTAL-1536x1024.jpg 1536w, https:\/\/www.proamazonia.org\/ppr\/wp-content\/uploads\/2023\/09\/BOSQUE.VIVEROS.AMBIENTE.RESTAURACION.BOSQUE.FORESTAL-2048x1365.jpg 2048w, https:\/\/www.proamazonia.org\/ppr\/wp-content\/uploads\/2023\/09\/BOSQUE.VIVEROS.AMBIENTE.RESTAURACION.BOSQUE.FORESTAL-600x400.jpg 600w\" sizes=\"auto, (max-width: 467px) 100vw, 467px\" \/><\/p>\n<p style=\"text-align: center;\"><strong>FOTO: <\/strong>PROAmazon\u00eda<\/p>\n<p>En total, 384.5 hect\u00e1reas fueron destinadas a mejorar la recuperaci\u00f3n de los sistemas productivos (modalidad activa) y 615.5 hect\u00e1reas para promover la continuidad de la sucesi\u00f3n ecol\u00f3gica en las \u00e1reas de regeneraci\u00f3n natural (modalidad pasiva).<\/p>\n<p>El proceso de plantado y localizado de plantas, implic\u00f3 la utilizaci\u00f3n de especies nativas provenientes de \u00e1rboles semilleros de las mismas comunidades. La reintegraci\u00f3n de estas especies fue un paso importante para contribuir a la recuperaci\u00f3n del ecosistema y especies amenazadas. Se priorizaron \u00e1rboles maderables, frutales y medicinales. Como parte de este proceso de restauraci\u00f3n, se construyeron seis viveros.<\/p>\n<p>Se invirtieron m\u00e1s de $272,000 d\u00f3lares en 32 meses de ejecuci\u00f3n. Como resultado del convenio, se logr\u00f3 la plantaci\u00f3n de 46.140 \u00e1rboles y se identificaron 12.310 \u00e1rboles de regeneraci\u00f3n natural, en 295 predios intervenidos. Esta iniciativa no solo benefici\u00f3 directamente a 296 personas, sino que tambi\u00e9n tuvo un impacto positivo indirecto en m\u00e1s de 1.500 personas de las comunidades.<\/p>\n<p><img loading=\"lazy\" decoding=\"async\" class=\"wp-image-7839 aligncenter\" src=\"https:\/\/www.proamazonia.org\/wp-content\/uploads\/2023\/09\/BOSQUES.RESTAURACION.FORESTAL.AMBIENTE-1-300x200.jpg\" alt=\"\" width=\"462\" height=\"308\" srcset=\"https:\/\/www.proamazonia.org\/ppr\/wp-content\/uploads\/2023\/09\/BOSQUES.RESTAURACION.FORESTAL.AMBIENTE-1-300x200.jpg 300w, https:\/\/www.proamazonia.org\/ppr\/wp-content\/uploads\/2023\/09\/BOSQUES.RESTAURACION.FORESTAL.AMBIENTE-1-1024x683.jpg 1024w, https:\/\/www.proamazonia.org\/ppr\/wp-content\/uploads\/2023\/09\/BOSQUES.RESTAURACION.FORESTAL.AMBIENTE-1-768x512.jpg 768w, https:\/\/www.proamazonia.org\/ppr\/wp-content\/uploads\/2023\/09\/BOSQUES.RESTAURACION.FORESTAL.AMBIENTE-1-1536x1024.jpg 1536w, https:\/\/www.proamazonia.org\/ppr\/wp-content\/uploads\/2023\/09\/BOSQUES.RESTAURACION.FORESTAL.AMBIENTE-1-2048x1365.jpg 2048w, https:\/\/www.proamazonia.org\/ppr\/wp-content\/uploads\/2023\/09\/BOSQUES.RESTAURACION.FORESTAL.AMBIENTE-1-600x400.jpg 600w\" sizes=\"auto, (max-width: 462px) 100vw, 462px\" \/><\/p>\n<p style=\"text-align: center;\"><strong>FOTO: <\/strong>PROAmazon\u00eda<\/p>\n<p>El \u00e9xito del convenio trascendi\u00f3 lo meramente ambiental y alcanz\u00f3 importantes resultados socioecon\u00f3micos. La dinamizaci\u00f3n de la econom\u00eda y la reactivaci\u00f3n social en las comunidades participantes se vieron favorecidas por la generaci\u00f3n de fuentes de empleo. Tambi\u00e9n se enfatiz\u00f3 la importancia de la equidad de g\u00e9nero, al brindar capacitaciones y talleres con enfoque inclusivo.<\/p>\n<p>El esfuerzo no culmin\u00f3 con la plantaci\u00f3n e identificaci\u00f3n de los \u00e1rboles, sino que continu\u00f3 con dos mantenimientos posteriores a cargo de los beneficiarios. Estos cuidados incluyeron limpieza del terreno, eliminaci\u00f3n de maleza y lianas, as\u00ed como el marcado de los \u00e1rboles identificados.<\/p>\n<p>Asimismo, se brind\u00f3 capacitaci\u00f3n y equipos para el desarrollo de bioemprendimientos, fomentando as\u00ed la sostenibilidad a largo plazo de las \u00e1reas en proceso de restauraci\u00f3n.<\/p>\n<p>Durante su intervenci\u00f3n, la Viceministra Manosalvas, se\u00f1al\u00f3 que \u201chasta la fecha, hemos logrado consolidar la ejecuci\u00f3n de actividades de restauraci\u00f3n en un total de 16.036,82 hect\u00e1reas y lo que es a\u00fan m\u00e1s alentador, bajo los lineamientos del Proyecto Nacional de Restauraci\u00f3n del Paisaje, estamos programando actividades adicionales en 6.064 hect\u00e1reas m\u00e1s, pero lo m\u00e1s importante han sido los resultados socioecon\u00f3micos, la dinamizaci\u00f3n de la econom\u00eda y la reactivaci\u00f3n social en las comunidades\u201d.<\/p>\n<p><img loading=\"lazy\" decoding=\"async\" class=\"wp-image-7835 aligncenter\" src=\"https:\/\/www.proamazonia.org\/wp-content\/uploads\/2023\/09\/BOTAS.VIOLETA.GENERO.RESTAURACION.AMBIENTE-300x169.jpg\" alt=\"\" width=\"472\" height=\"266\" srcset=\"https:\/\/www.proamazonia.org\/ppr\/wp-content\/uploads\/2023\/09\/BOTAS.VIOLETA.GENERO.RESTAURACION.AMBIENTE-300x169.jpg 300w, https:\/\/www.proamazonia.org\/ppr\/wp-content\/uploads\/2023\/09\/BOTAS.VIOLETA.GENERO.RESTAURACION.AMBIENTE-1024x576.jpg 1024w, https:\/\/www.proamazonia.org\/ppr\/wp-content\/uploads\/2023\/09\/BOTAS.VIOLETA.GENERO.RESTAURACION.AMBIENTE-768x432.jpg 768w, https:\/\/www.proamazonia.org\/ppr\/wp-content\/uploads\/2023\/09\/BOTAS.VIOLETA.GENERO.RESTAURACION.AMBIENTE-1536x864.jpg 1536w, https:\/\/www.proamazonia.org\/ppr\/wp-content\/uploads\/2023\/09\/BOTAS.VIOLETA.GENERO.RESTAURACION.AMBIENTE-2048x1151.jpg 2048w, https:\/\/www.proamazonia.org\/ppr\/wp-content\/uploads\/2023\/09\/BOTAS.VIOLETA.GENERO.RESTAURACION.AMBIENTE-1000x563.jpg 1000w\" sizes=\"auto, (max-width: 472px) 100vw, 472px\" \/><\/p>\n<p style=\"text-align: center;\"><strong>FOTO: <\/strong>PROAmazon\u00eda<\/p>\n<p>Por otro lado, la Oficial del \u00c1rea de Ambiente y Energ\u00eda del Programa de las Naciones Unidas para el Desarrollo (PNUD), Mireya Villac\u00eds, se refiri\u00f3 a la contribuci\u00f3n de los proyectos de restauraci\u00f3n forestal para el pa\u00eds, en su proyecci\u00f3n de alcanzar los Objetivos de Desarrollo Sostenible. Destac\u00f3 del proyecto, el fortalecimiento y apoyo a bioemprendimientos, como una estrategia para la sostenibilidad a largo plazo de las \u00e1reas en proceso de restauraci\u00f3n.<\/p>\n<p>Por su parte, Eugenio Tapuy, representante de los beneficiarios y presidente de la Asociaci\u00f3n Kichwa San Francisco, acot\u00f3 que \u201cel desarrollo de este proyecto de restauraci\u00f3n permiti\u00f3 generar mayor uni\u00f3n en las comunidades, gracias al establecimiento de objetivos y beneficios compartidos a partir de la restauraci\u00f3n de los bosques en sus tierras\u201d.<\/p>\n<p>Posterior al evento, las autoridades recorrieron \u00e1reas en proceso de restauraci\u00f3n y conocieron bioemprendimientos artesanales del cant\u00f3n Cascales.<\/p>\n<p><img loading=\"lazy\" decoding=\"async\" class=\"wp-image-7837 aligncenter\" src=\"https:\/\/www.proamazonia.org\/wp-content\/uploads\/2023\/09\/BIOEMPRENDIMIENTOS.FORESTAL.RESTAURACION.CASCALES.BOSQUES-300x200.jpg\" alt=\"\" width=\"470\" height=\"313\" srcset=\"https:\/\/www.proamazonia.org\/ppr\/wp-content\/uploads\/2023\/09\/BIOEMPRENDIMIENTOS.FORESTAL.RESTAURACION.CASCALES.BOSQUES-300x200.jpg 300w, https:\/\/www.proamazonia.org\/ppr\/wp-content\/uploads\/2023\/09\/BIOEMPRENDIMIENTOS.FORESTAL.RESTAURACION.CASCALES.BOSQUES-1024x683.jpg 1024w, https:\/\/www.proamazonia.org\/ppr\/wp-content\/uploads\/2023\/09\/BIOEMPRENDIMIENTOS.FORESTAL.RESTAURACION.CASCALES.BOSQUES-768x512.jpg 768w, https:\/\/www.proamazonia.org\/ppr\/wp-content\/uploads\/2023\/09\/BIOEMPRENDIMIENTOS.FORESTAL.RESTAURACION.CASCALES.BOSQUES-1536x1024.jpg 1536w, https:\/\/www.proamazonia.org\/ppr\/wp-content\/uploads\/2023\/09\/BIOEMPRENDIMIENTOS.FORESTAL.RESTAURACION.CASCALES.BOSQUES-2048x1365.jpg 2048w, https:\/\/www.proamazonia.org\/ppr\/wp-content\/uploads\/2023\/09\/BIOEMPRENDIMIENTOS.FORESTAL.RESTAURACION.CASCALES.BOSQUES-600x400.jpg 600w\" sizes=\"auto, (max-width: 470px) 100vw, 470px\" \/><\/p>\n<p style=\"text-align: center;\"><strong>FOTO: <\/strong>PROAmazon\u00eda<\/p>\n<p>El Convenio de Cooperaci\u00f3n Interinstitucional en Cascales ha demostrado c\u00f3mo el trabajo conjunto y la participaci\u00f3n de las comunidades pueden alcanzar resultados significativos en la restauraci\u00f3n de ecosistemas. Este proyecto ejemplar marca el camino para futuras iniciativas de restauraci\u00f3n y conservaci\u00f3n en beneficio de la sostenibilidad y de las generaciones venideras.<\/p>","protected":false},"excerpt":{"rendered":"<p>La restauraci\u00f3n forestal es un conjunto de actividades orientadas a la recuperaci\u00f3n y restablecimiento de las condiciones naturales de un ecosistema y el mantenimiento de sus servicios ambientales, que son los beneficios que da el bosque, como: agua, alimentos y materias primas. En este contexto, el Ministerio del Ambiente, Agua y Transici\u00f3n Ecol\u00f3gica, a trav\u00e9s del Proyecto Nacional de Restauraci\u00f3n del Paisaje y de PROAmazon\u00eda, con el apoyo del Programa de las Naciones Unidas para el Desarrollo, han impulsado el fortalecimiento de capacidades t\u00e9cnicas y comunitarias para la implementaci\u00f3n de proyectos de restauraci\u00f3n forestal. FOTO: PROAmazon\u00eda Un hito significativo en este camino se alcanz\u00f3 en octubre de 2020, cuando se firm\u00f3 el Convenio de Cooperaci\u00f3n Interinstitucional entre la Autoridad Ambiental y el Gobierno Aut\u00f3nomo Descentralizado Municipal de Cascales. Este acuerdo marc\u00f3 el inicio de un proyecto de restauraci\u00f3n forestal en 1000 hect\u00e1reas en la parroquia rural La Nueva Troncal, cant\u00f3n Cascales. El proyecto involucr\u00f3 a cinco comunidades: San Jos\u00e9 de Aguarico, Jes\u00fas del Gran Poder, Wamak Urku, Pastaza y San Francisco (Shyris). La participaci\u00f3n de las comunidades fue esencial para llevar a cabo este proyecto. El Gobierno Aut\u00f3nomo Descentralizado Municipal de Cascales realiz\u00f3 un proceso de consulta, donde se desarrollaron [&hellip;]<\/p>\n","protected":false},"author":2,"featured_media":7834,"comment_status":"open","ping_status":"open","sticky":false,"template":"","format":"standard","meta":{"_uf_show_specific_survey":0,"_uf_disable_surveys":false,"footnotes":""},"categories":[263,26,3,23,27,31],"tags":[],"class_list":["post-7833","post","type-post","status-publish","format-standard","has-post-thumbnail","hentry","category-bioemprendimientos","category-conservacion-de-bosques","category-noticias","category-noticias-home","category-redd","category-restauracion"],"aioseo_notices":[],"_links":{"self":[{"href":"https:\/\/www.proamazonia.org\/ppr\/wp-json\/wp\/v2\/posts\/7833","targetHints":{"allow":["GET"]}}],"collection":[{"href":"https:\/\/www.proamazonia.org\/ppr\/wp-json\/wp\/v2\/posts"}],"about":[{"href":"https:\/\/www.proamazonia.org\/ppr\/wp-json\/wp\/v2\/types\/post"}],"author":[{"embeddable":true,"href":"https:\/\/www.proamazonia.org\/ppr\/wp-json\/wp\/v2\/users\/2"}],"replies":[{"embeddable":true,"href":"https:\/\/www.proamazonia.org\/ppr\/wp-json\/wp\/v2\/comments?post=7833"}],"version-history":[{"count":3,"href":"https:\/\/www.proamazonia.org\/ppr\/wp-json\/wp\/v2\/posts\/7833\/revisions"}],"predecessor-version":[{"id":7844,"href":"https:\/\/www.proamazonia.org\/ppr\/wp-json\/wp\/v2\/posts\/7833\/revisions\/7844"}],"wp:featuredmedia":[{"embeddable":true,"href":"https:\/\/www.proamazonia.org\/ppr\/wp-json\/wp\/v2\/media\/7834"}],"wp:attachment":[{"href":"https:\/\/www.proamazonia.org\/ppr\/wp-json\/wp\/v2\/media?parent=7833"}],"wp:term":[{"taxonomy":"category","embeddable":true,"href":"https:\/\/www.proamazonia.org\/ppr\/wp-json\/wp\/v2\/categories?post=7833"},{"taxonomy":"post_tag","embeddable":true,"href":"https:\/\/www.proamazonia.org\/ppr\/wp-json\/wp\/v2\/tags?post=7833"}],"curies":[{"name":"wp","href":"https:\/\/api.w.org\/{rel}","templated":true}]}}