{"id":9984,"date":"2025-02-26T10:42:00","date_gmt":"2025-02-26T15:42:00","guid":{"rendered":"https:\/\/www.proamazonia.org\/ppr\/?p=9984"},"modified":"2025-03-10T17:20:46","modified_gmt":"2025-03-10T22:20:46","slug":"la-mesa-de-trabajo-redd-refuerza-el-compromiso-del-ecuador-para-mitigar-el-cambio-climatico-con-dialogo-y-conservacion-de-sus-bosques","status":"publish","type":"post","link":"https:\/\/www.proamazonia.org\/ppr\/la-mesa-de-trabajo-redd-refuerza-el-compromiso-del-ecuador-para-mitigar-el-cambio-climatico-con-dialogo-y-conservacion-de-sus-bosques\/","title":{"rendered":"La Mesa de Trabajo REDD+ refuerza el compromiso del Ecuador para mitigar el cambio clim\u00e1tico con di\u00e1logo y conservaci\u00f3n de sus bosques."},"content":{"rendered":"<p>El Ministerio del Ambiente, Agua y Transici\u00f3n Ecol\u00f3gica (MAATE) lidera la Segunda Reuni\u00f3n Ordinaria del 4to per\u00edodo de la Mesa de Trabajo REDD+, que constituye la plataforma de participaci\u00f3n y di\u00e1logo ambiental m\u00e1s importante del pa\u00eds.<\/p>\n<p>Este encuentro, tuvo lugar en la ciudad de Puyo, provincia de Pastaza, y reuni\u00f3 a las 41 organizaciones que conforman este espacio que representa a actores de la sociedad civil, pueblos y nacionalidades ind\u00edgenas, academia, sector privado y organismos internacionales, con el objetivo de fortalecer la gobernanza forestal y la implementaci\u00f3n del Plan de Acci\u00f3n REDD+, una pol\u00edtica nacional que articula acciones para mitigar el cambio clim\u00e1tico.<\/p>\n<p style=\"text-align: center;\"><img loading=\"lazy\" decoding=\"async\" class=\"alignnone size-medium wp-image-9985\" src=\"https:\/\/www.proamazonia.org\/ppr\/wp-content\/uploads\/2025\/02\/2da-Reunion-Ordinaria-Mesa-de-Trabajo-REDD-2024-2026-1-300x200.jpg\" alt=\"\" width=\"300\" height=\"200\" srcset=\"https:\/\/www.proamazonia.org\/ppr\/wp-content\/uploads\/2025\/02\/2da-Reunion-Ordinaria-Mesa-de-Trabajo-REDD-2024-2026-1-300x200.jpg 300w, https:\/\/www.proamazonia.org\/ppr\/wp-content\/uploads\/2025\/02\/2da-Reunion-Ordinaria-Mesa-de-Trabajo-REDD-2024-2026-1-1024x683.jpg 1024w, https:\/\/www.proamazonia.org\/ppr\/wp-content\/uploads\/2025\/02\/2da-Reunion-Ordinaria-Mesa-de-Trabajo-REDD-2024-2026-1-768x512.jpg 768w, https:\/\/www.proamazonia.org\/ppr\/wp-content\/uploads\/2025\/02\/2da-Reunion-Ordinaria-Mesa-de-Trabajo-REDD-2024-2026-1-1536x1024.jpg 1536w, https:\/\/www.proamazonia.org\/ppr\/wp-content\/uploads\/2025\/02\/2da-Reunion-Ordinaria-Mesa-de-Trabajo-REDD-2024-2026-1-600x400.jpg 600w, https:\/\/www.proamazonia.org\/ppr\/wp-content\/uploads\/2025\/02\/2da-Reunion-Ordinaria-Mesa-de-Trabajo-REDD-2024-2026-1.jpg 1920w\" sizes=\"auto, (max-width: 300px) 100vw, 300px\" \/> <img loading=\"lazy\" decoding=\"async\" class=\"alignnone size-medium wp-image-9986\" src=\"https:\/\/www.proamazonia.org\/ppr\/wp-content\/uploads\/2025\/02\/2da-Reunion-Ordinaria-Mesa-de-Trabajo-REDD-2024-2026-2-300x200.jpg\" alt=\"\" width=\"300\" height=\"200\" srcset=\"https:\/\/www.proamazonia.org\/ppr\/wp-content\/uploads\/2025\/02\/2da-Reunion-Ordinaria-Mesa-de-Trabajo-REDD-2024-2026-2-300x200.jpg 300w, https:\/\/www.proamazonia.org\/ppr\/wp-content\/uploads\/2025\/02\/2da-Reunion-Ordinaria-Mesa-de-Trabajo-REDD-2024-2026-2-1024x683.jpg 1024w, https:\/\/www.proamazonia.org\/ppr\/wp-content\/uploads\/2025\/02\/2da-Reunion-Ordinaria-Mesa-de-Trabajo-REDD-2024-2026-2-768x512.jpg 768w, https:\/\/www.proamazonia.org\/ppr\/wp-content\/uploads\/2025\/02\/2da-Reunion-Ordinaria-Mesa-de-Trabajo-REDD-2024-2026-2-1536x1024.jpg 1536w, https:\/\/www.proamazonia.org\/ppr\/wp-content\/uploads\/2025\/02\/2da-Reunion-Ordinaria-Mesa-de-Trabajo-REDD-2024-2026-2-600x400.jpg 600w, https:\/\/www.proamazonia.org\/ppr\/wp-content\/uploads\/2025\/02\/2da-Reunion-Ordinaria-Mesa-de-Trabajo-REDD-2024-2026-2.jpg 1920w\" sizes=\"auto, (max-width: 300px) 100vw, 300px\" \/> <img loading=\"lazy\" decoding=\"async\" class=\"alignnone size-medium wp-image-9988\" src=\"https:\/\/www.proamazonia.org\/ppr\/wp-content\/uploads\/2025\/02\/2da-Reunion-Ordinaria-Mesa-de-Trabajo-REDD-2024-2026-4-300x200.jpg\" alt=\"\" width=\"300\" height=\"200\" srcset=\"https:\/\/www.proamazonia.org\/ppr\/wp-content\/uploads\/2025\/02\/2da-Reunion-Ordinaria-Mesa-de-Trabajo-REDD-2024-2026-4-300x200.jpg 300w, https:\/\/www.proamazonia.org\/ppr\/wp-content\/uploads\/2025\/02\/2da-Reunion-Ordinaria-Mesa-de-Trabajo-REDD-2024-2026-4-1024x683.jpg 1024w, https:\/\/www.proamazonia.org\/ppr\/wp-content\/uploads\/2025\/02\/2da-Reunion-Ordinaria-Mesa-de-Trabajo-REDD-2024-2026-4-768x512.jpg 768w, https:\/\/www.proamazonia.org\/ppr\/wp-content\/uploads\/2025\/02\/2da-Reunion-Ordinaria-Mesa-de-Trabajo-REDD-2024-2026-4-1536x1024.jpg 1536w, https:\/\/www.proamazonia.org\/ppr\/wp-content\/uploads\/2025\/02\/2da-Reunion-Ordinaria-Mesa-de-Trabajo-REDD-2024-2026-4-600x400.jpg 600w, https:\/\/www.proamazonia.org\/ppr\/wp-content\/uploads\/2025\/02\/2da-Reunion-Ordinaria-Mesa-de-Trabajo-REDD-2024-2026-4.jpg 1920w\" sizes=\"auto, (max-width: 300px) 100vw, 300px\" \/><\/p>\n<p style=\"text-align: center;\"><em>Descripci\u00f3n Segunda Reunio\u0301n Ordinaria Mesa de Trabajo REDD+ 2024-2026, Puyo, Pastaza<br \/>\n<\/em><em>Cr\u00e9ditos: Proyecto Pago Por Resultados REDD+ Ecuador<\/em><\/p>\n<p>Durante dos d\u00edas de trabajo, las y los participantes presentaron sus aportes y recomendaciones clave para la evaluaci\u00f3n de importantes herramientas de pol\u00edtica p\u00fablica en materia clim\u00e1tica, como el Plan de Acci\u00f3n REDD+, el IV Resumen de Informaci\u00f3n de Salvaguardas, y realizaron un intercambio de experiencias entre las organizaciones miembros.<\/p>\n<p>La agenda incluy\u00f3 sesiones de di\u00e1logo, una feria de organizaciones y la presentaci\u00f3n del Plan Nacional de Mitigaci\u00f3n del Cambio Clim\u00e1tico (PLANMICC), un instrumento esencial para reducir las emisiones de gases de efecto invernadero derivadas de la deforestaci\u00f3n.<\/p>\n<p>De esta manera, la Mesa de Trabajo REDD+ en su cuarto periodo que va del 2024 al 2026, se consolida como un pilar fundamental para la toma de decisiones en materia de conservaci\u00f3n y desarrollo sostenible en Ecuador, promoviendo la gesti\u00f3n participativa y el cumplimiento de los compromisos internacionales en la lucha frente al cambio clim\u00e1tico<\/p>","protected":false},"excerpt":{"rendered":"<p>El Ministerio del Ambiente, Agua y Transici\u00f3n Ecol\u00f3gica (MAATE) lidera la Segunda Reuni\u00f3n Ordinaria del 4to per\u00edodo de la Mesa de Trabajo REDD+, que constituye la plataforma de participaci\u00f3n y di\u00e1logo ambiental m\u00e1s importante del pa\u00eds. Este encuentro, tuvo lugar en la ciudad de Puyo, provincia de Pastaza, y reuni\u00f3 a las 41 organizaciones que conforman este espacio que representa a actores de la sociedad civil, pueblos y nacionalidades ind\u00edgenas, academia, sector privado y organismos internacionales, con el objetivo de fortalecer la gobernanza forestal y la implementaci\u00f3n del Plan de Acci\u00f3n REDD+, una pol\u00edtica nacional que articula acciones para mitigar el cambio clim\u00e1tico. Descripci\u00f3n Segunda Reunio\u0301n Ordinaria Mesa de Trabajo REDD+ 2024-2026, Puyo, Pastaza Cr\u00e9ditos: Proyecto Pago Por Resultados REDD+ Ecuador Durante dos d\u00edas de trabajo, las y los participantes presentaron sus aportes y recomendaciones clave para la evaluaci\u00f3n de importantes herramientas de pol\u00edtica p\u00fablica en materia clim\u00e1tica, como el Plan de Acci\u00f3n REDD+, el IV Resumen de Informaci\u00f3n de Salvaguardas, y realizaron un intercambio de experiencias entre las organizaciones miembros. La agenda incluy\u00f3 sesiones de di\u00e1logo, una feria de organizaciones y la presentaci\u00f3n del Plan Nacional de Mitigaci\u00f3n del Cambio Clim\u00e1tico (PLANMICC), un instrumento esencial para reducir las emisiones [&hellip;]<\/p>\n","protected":false},"author":2,"featured_media":9987,"comment_status":"open","ping_status":"open","sticky":false,"template":"","format":"standard","meta":{"_uf_show_specific_survey":0,"_uf_disable_surveys":false,"footnotes":""},"categories":[26,27],"tags":[],"class_list":["post-9984","post","type-post","status-publish","format-standard","has-post-thumbnail","hentry","category-conservacion-de-bosques","category-redd"],"aioseo_notices":[],"_links":{"self":[{"href":"https:\/\/www.proamazonia.org\/ppr\/wp-json\/wp\/v2\/posts\/9984","targetHints":{"allow":["GET"]}}],"collection":[{"href":"https:\/\/www.proamazonia.org\/ppr\/wp-json\/wp\/v2\/posts"}],"about":[{"href":"https:\/\/www.proamazonia.org\/ppr\/wp-json\/wp\/v2\/types\/post"}],"author":[{"embeddable":true,"href":"https:\/\/www.proamazonia.org\/ppr\/wp-json\/wp\/v2\/users\/2"}],"replies":[{"embeddable":true,"href":"https:\/\/www.proamazonia.org\/ppr\/wp-json\/wp\/v2\/comments?post=9984"}],"version-history":[{"count":3,"href":"https:\/\/www.proamazonia.org\/ppr\/wp-json\/wp\/v2\/posts\/9984\/revisions"}],"predecessor-version":[{"id":10032,"href":"https:\/\/www.proamazonia.org\/ppr\/wp-json\/wp\/v2\/posts\/9984\/revisions\/10032"}],"wp:featuredmedia":[{"embeddable":true,"href":"https:\/\/www.proamazonia.org\/ppr\/wp-json\/wp\/v2\/media\/9987"}],"wp:attachment":[{"href":"https:\/\/www.proamazonia.org\/ppr\/wp-json\/wp\/v2\/media?parent=9984"}],"wp:term":[{"taxonomy":"category","embeddable":true,"href":"https:\/\/www.proamazonia.org\/ppr\/wp-json\/wp\/v2\/categories?post=9984"},{"taxonomy":"post_tag","embeddable":true,"href":"https:\/\/www.proamazonia.org\/ppr\/wp-json\/wp\/v2\/tags?post=9984"}],"curies":[{"name":"wp","href":"https:\/\/api.w.org\/{rel}","templated":true}]}}